{"id":1071,"date":"2024-12-22T16:11:43","date_gmt":"2024-12-22T15:11:43","guid":{"rendered":"https:\/\/saengerzunft.de\/?p=1071"},"modified":"2025-04-10T19:58:04","modified_gmt":"2025-04-10T17:58:04","slug":"adventliche-stund2024","status":"publish","type":"post","link":"https:\/\/saengerzunft.de\/?p=1071","title":{"rendered":"Adventliche Stund`2024"},"content":{"rendered":"<p>[et_pb_section fb_built=&#8220;1&#8243; _builder_version=&#8220;4.23.1&#8243; _module_preset=&#8220;default&#8220; hover_enabled=&#8220;0&#8243; global_colors_info=&#8220;{}&#8220; theme_builder_area=&#8220;post_content&#8220; sticky_enabled=&#8220;0&#8243;][et_pb_row _builder_version=&#8220;4.23.1&#8243; _module_preset=&#8220;default&#8220; custom_margin=&#8220;|auto||5px||&#8220; custom_padding=&#8220;||40px|||&#8220; hover_enabled=&#8220;0&#8243; global_colors_info=&#8220;{}&#8220; theme_builder_area=&#8220;post_content&#8220; sticky_enabled=&#8220;0&#8243;][et_pb_column type=&#8220;4_4&#8243; _builder_version=&#8220;4.23.1&#8243; _module_preset=&#8220;default&#8220; global_colors_info=&#8220;{}&#8220; theme_builder_area=&#8220;post_content&#8220;][et_pb_image src=&#8220;https:\/\/saengerzunft.de\/wp-content\/uploads\/2024\/12\/AdventlicheStund24-scaled.jpg&#8220; title_text=&#8220;AdventlicheStund24&#8243; _builder_version=&#8220;4.23.1&#8243; _module_preset=&#8220;default&#8220; hover_enabled=&#8220;0&#8243; global_colors_info=&#8220;{}&#8220; theme_builder_area=&#8220;post_content&#8220; sticky_enabled=&#8220;0&#8243;][\/et_pb_image][et_pb_text _builder_version=&#8220;4.23.1&#8243; _module_preset=&#8220;default&#8220; custom_margin=&#8220;50px||||false|false&#8220; global_colors_info=&#8220;{}&#8220; theme_builder_area=&#8220;post_content&#8220;]<\/p>\n<h3>Sing ma im Advent!<\/h3>\n<p>F\u00fcr viele Oberhachinger, Publikum und Zuh\u00f6rer der S\u00e4ngerzunft ist die &#8222;Adventliche Stund`&#8220; am 2. Advent auf dem Oberhachinger Christkindlmarkt ein fester Bestandteil des vorweihnachtlichen Terminkalenders.<br \/>Gerade wegen der Vielfalt, mit den Argeter Bl\u00e4sern, der Notausgang-Musi, den Bernad Dirndl und vor allem der Moderation und den Adventsgeschichten von Stefan Fr\u00fchbeis, dem Chef von BR Heimat.<br \/>Vollbesetzt bis zum letzten Platz, auch auf der Empore,\u00a0 konnte Pfarrer Hilger die Versammelten begr\u00fc\u00dfen und die Veranstaltung er\u00f6ffnen.<br \/>Eine gute Stunde der Besinnung, der bayerischen Musik in der Kirche zu widmen war nicht nur f\u00fcr die Darbietenden, sondern auch f\u00fcr das Publikum eine gro\u00dfe Bereicherung.<\/p>\n<p>[\/et_pb_text][et_pb_video src=&#8220;https:\/\/saengerzunft.de\/wp-content\/uploads\/2024\/12\/Advent-is-a-Leuchtn-2.mp4&#8243; _builder_version=&#8220;4.23.1&#8243; _module_preset=&#8220;default&#8220; global_colors_info=&#8220;{}&#8220; theme_builder_area=&#8220;post_content&#8220;][\/et_pb_video][\/et_pb_column][\/et_pb_row][\/et_pb_section]<\/p>\n","protected":false},"excerpt":{"rendered":"<p>Sing ma im Advent! F\u00fcr viele Oberhachinger, Publikum und Zuh\u00f6rer der S\u00e4ngerzunft ist die &#8222;Adventliche Stund`&#8220; am 2. Advent auf dem Oberhachinger Christkindlmarkt ein fester Bestandteil des vorweihnachtlichen Terminkalenders.Gerade wegen der Vielfalt, mit den Argeter Bl\u00e4sern, der Notausgang-Musi, den Bernad Dirndl und vor allem der Moderation und den Adventsgeschichten von Stefan Fr\u00fchbeis, dem Chef von [&hellip;]<\/p>\n","protected":false},"author":2,"featured_media":1024,"comment_status":"open","ping_status":"open","sticky":false,"template":"","format":"standard","meta":{"_et_pb_use_builder":"on","_et_pb_old_content":"","_et_gb_content_width":"","footnotes":""},"categories":[1],"tags":[],"dipi_cpt_category":[],"class_list":["post-1071","post","type-post","status-publish","format-standard","has-post-thumbnail","hentry","category-allgemein"],"_links":{"self":[{"href":"https:\/\/saengerzunft.de\/index.php?rest_route=\/wp\/v2\/posts\/1071","targetHints":{"allow":["GET"]}}],"collection":[{"href":"https:\/\/saengerzunft.de\/index.php?rest_route=\/wp\/v2\/posts"}],"about":[{"href":"https:\/\/saengerzunft.de\/index.php?rest_route=\/wp\/v2\/types\/post"}],"author":[{"embeddable":true,"href":"https:\/\/saengerzunft.de\/index.php?rest_route=\/wp\/v2\/users\/2"}],"replies":[{"embeddable":true,"href":"https:\/\/saengerzunft.de\/index.php?rest_route=%2Fwp%2Fv2%2Fcomments&post=1071"}],"version-history":[{"count":9,"href":"https:\/\/saengerzunft.de\/index.php?rest_route=\/wp\/v2\/posts\/1071\/revisions"}],"predecessor-version":[{"id":1211,"href":"https:\/\/saengerzunft.de\/index.php?rest_route=\/wp\/v2\/posts\/1071\/revisions\/1211"}],"wp:featuredmedia":[{"embeddable":true,"href":"https:\/\/saengerzunft.de\/index.php?rest_route=\/wp\/v2\/media\/1024"}],"wp:attachment":[{"href":"https:\/\/saengerzunft.de\/index.php?rest_route=%2Fwp%2Fv2%2Fmedia&parent=1071"}],"wp:term":[{"taxonomy":"category","embeddable":true,"href":"https:\/\/saengerzunft.de\/index.php?rest_route=%2Fwp%2Fv2%2Fcategories&post=1071"},{"taxonomy":"post_tag","embeddable":true,"href":"https:\/\/saengerzunft.de\/index.php?rest_route=%2Fwp%2Fv2%2Ftags&post=1071"},{"taxonomy":"dipi_cpt_category","embeddable":true,"href":"https:\/\/saengerzunft.de\/index.php?rest_route=%2Fwp%2Fv2%2Fdipi_cpt_category&post=1071"}],"curies":[{"name":"wp","href":"https:\/\/api.w.org\/{rel}","templated":true}]}}